{"id":950,"date":"2023-04-17T19:03:43","date_gmt":"2023-04-18T00:03:43","guid":{"rendered":"https:\/\/www.chivasycronicas.com\/?p=950"},"modified":"2023-04-17T19:03:43","modified_gmt":"2023-04-18T00:03:43","slug":"otra-que-pierde-uribe-conversaciones-con-su-abogado-si-pueden-ser-usadas-en-su-contra","status":"publish","type":"post","link":"https:\/\/chivasycronicas.com\/?p=950","title":{"rendered":"OTRA QUE PIERDE Uribe: conversaciones con su abogado s\u00ed pueden ser usadas en su contra"},"content":{"rendered":"<p>LA MALA HORA, es la que est\u00e1 atravesando el expresidente \u00c1LVARO URIBE V\u00c9LEZ, pues no le sale bien ninguna de sus jugadas para deshacerse de la Imputaci\u00f3n de Cargos por manipulaci\u00f3n y compra de testigos, que lo pondr\u00eda al borde de una hist\u00f3rica condena penal<\/p>\n<p>Esta vez, el Tribunal Superior de Bogot\u00e1 le neg\u00f3 la pretensi\u00f3n que ten\u00eda, de que las conversaciones que sostuvo con su abogado, el acusado y sancionado penalista DIEGO CADENA, no pudieran ser usadas en su contra, en el juicio que se sigue por la ya probada manipulaci\u00f3n de varios testigos que lo acusan de paramilitarismo a \u00e9l y a su hermano SANTIAGO.<\/p>\n<p>Seg\u00fan el periodista DANIEL CORONEL, que ha venido investigando y denunciando este caso desde hace varios a\u00f1os, esta decisi\u00f3n complica gravemente la situaci\u00f3n jur\u00eddica de URIBE, de cara a una pronta acusaci\u00f3n y posterior sentencia.<\/p>\n<p><img fetchpriority=\"high\" decoding=\"async\" class=\"alignnone size-medium wp-image-952\" src=\"https:\/\/www.chivasycronicas.com\/wp-content\/uploads\/2023\/04\/WhatsApp-Image-2023-04-17-at-6.34.02-PM-2-300x293.jpeg\" alt=\"\" width=\"300\" height=\"293\" \/><\/p>\n<p>En decisi\u00f3n tomada en la tarde de este lunes, con ponencia del magistrado CARLOS H\u00c9CTOR TAMAYO MEDINA, el Tribunal Superior de Bogot\u00e1 dej\u00f3 en claro que las conversaciones telef\u00f3nicas de URIBE con su defensor CADENA son legales, y que la interceptaci\u00f3n de las mismas fue autorizada debidamente por autoridad judicial y que, adem\u00e1s, no hacen parte de una charla normal abogad-cliente, sino de una posible componenda para cuadrar testimonios en su favor, a trav\u00e9s de la compra de testimonios y ofrecimiento de prebendas.<\/p>\n<p><img decoding=\"async\" class=\"alignnone size-medium wp-image-953 lazyload\" data-src=\"https:\/\/www.chivasycronicas.com\/wp-content\/uploads\/2023\/04\/WhatsApp-Image-2023-04-17-at-6.34.02-PM-1-221x300.jpeg\" alt=\"\" width=\"221\" height=\"300\" src=\"data:image\/gif;base64,R0lGODlhAQABAAAAACH5BAEKAAEALAAAAAABAAEAAAICTAEAOw==\" style=\"--smush-placeholder-width: 221px; --smush-placeholder-aspect-ratio: 221\/300;\" \/><\/p>\n<p>El caso contra el exmandatario se ventila ante un juzgado penal de Bogot\u00e1, donde ya han comparecido testigos de cargo contra el imputado, v\u00edctimas, abogados y el propio presunto delincuente, que ha intentado por todos los medios evitar la acusaci\u00f3n, al punto de haber renunciado a su fuero de senador, para que el expediente pasara al radar y control del actual fiscal general, FRANCISO BARBOSA, funcionario considerado \u00abamigo\u00bb y protector de su causa, como quiera que, a trav\u00e9s de sus delegados, ha insistido en la Preclusi\u00f3n de la investigaci\u00f3n.<\/p>\n<p>&nbsp;<\/p>\n<p>&nbsp;<\/p>\n<p>As+i las cosas, el juiciop contra el exmandatario sigue su marcha y, ajuzgar por este rev\u00e9s, podr\u00eda ser el comienzo del fin del proceso en esta etapa, es decir que quede en firme la Imotaci\u00f3n de Cargos y que el ex senrado sea acysadi firmklente ante lka Corte y, posobkemnte, cindenado por el delto que ya le fue ensriad opr la Corte Suprema, yh por el cual ya estuvo en prsi\u00b4pon.<\/p>\n","protected":false},"excerpt":{"rendered":"<p>LA MALA HORA, es la que est\u00e1 atravesando el expresidente \u00c1LVARO URIBE V\u00c9LEZ, pues no le sale bien ninguna de sus jugadas para deshacerse de la Imputaci\u00f3n de Cargos por manipulaci\u00f3n y compra de testigos, que lo pondr\u00eda al borde de una hist\u00f3rica condena penal Esta vez, el Tribunal Superior de Bogot\u00e1 le neg\u00f3 la [&hellip;]<\/p>\n","protected":false},"author":2,"featured_media":954,"comment_status":"open","ping_status":"open","sticky":false,"template":"","format":"standard","meta":{"footnotes":""},"categories":[27],"tags":[1100,1145,1146,986],"class_list":["post-950","post","type-post","status-publish","format-standard","has-post-thumbnail","hentry","category-la-noticia","tag-alvaro-uribe","tag-daniel-coronel","tag-diego-cadena","tag-francisco-barbosa"],"views":3,"_links":{"self":[{"href":"https:\/\/chivasycronicas.com\/index.php?rest_route=\/wp\/v2\/posts\/950","targetHints":{"allow":["GET"]}}],"collection":[{"href":"https:\/\/chivasycronicas.com\/index.php?rest_route=\/wp\/v2\/posts"}],"about":[{"href":"https:\/\/chivasycronicas.com\/index.php?rest_route=\/wp\/v2\/types\/post"}],"author":[{"embeddable":true,"href":"https:\/\/chivasycronicas.com\/index.php?rest_route=\/wp\/v2\/users\/2"}],"replies":[{"embeddable":true,"href":"https:\/\/chivasycronicas.com\/index.php?rest_route=%2Fwp%2Fv2%2Fcomments&post=950"}],"version-history":[{"count":0,"href":"https:\/\/chivasycronicas.com\/index.php?rest_route=\/wp\/v2\/posts\/950\/revisions"}],"wp:featuredmedia":[{"embeddable":true,"href":"https:\/\/chivasycronicas.com\/index.php?rest_route=\/"}],"wp:attachment":[{"href":"https:\/\/chivasycronicas.com\/index.php?rest_route=%2Fwp%2Fv2%2Fmedia&parent=950"}],"wp:term":[{"taxonomy":"category","embeddable":true,"href":"https:\/\/chivasycronicas.com\/index.php?rest_route=%2Fwp%2Fv2%2Fcategories&post=950"},{"taxonomy":"post_tag","embeddable":true,"href":"https:\/\/chivasycronicas.com\/index.php?rest_route=%2Fwp%2Fv2%2Ftags&post=950"}],"curies":[{"name":"wp","href":"https:\/\/api.w.org\/{rel}","templated":true}]}}