{"id":979,"date":"2023-04-20T14:41:50","date_gmt":"2023-04-20T19:41:50","guid":{"rendered":"https:\/\/www.chivasycronicas.com\/?p=979"},"modified":"2023-04-20T14:41:50","modified_gmt":"2023-04-20T19:41:50","slug":"el-sacrificio-de-un-periodista-la-historia-de-rafael-moreno-y-su-lucha-por-la-justicia-en-colombia","status":"publish","type":"post","link":"https:\/\/chivasycronicas.com\/?p=979","title":{"rendered":"El sacrificio de un periodista: la historia de Rafael Moreno y su lucha por la justicia en Colombia"},"content":{"rendered":"<h2>El asesinato de un periodista en Colombia: la lucha contra la corrupci\u00f3n y la impunidad<\/h2>\n<p>La libertad de prensa es uno de los pilares fundamentales de una sociedad democr\u00e1tica y transparente. Sin embargo, en algunos pa\u00edses, el ejercicio de la labor period\u00edstica se convierte en una actividad de alto riesgo, especialmente cuando se trata de denunciar casos de corrupci\u00f3n y de violaciones de los derechos humanos. Este es el caso de Colombia, donde el periodista Rafael Moreno fue asesinado el pasado mes de octubre mientras luchaba contra la corrupci\u00f3n en el departamento de C\u00f3rdoba.<\/p>\n<p>Moreno hab\u00eda dedicado a\u00f1os a investigar y denunciar los casos de corrupci\u00f3n que, seg\u00fan sus investigaciones, afectaban a esta regi\u00f3n del norte de Colombia. Sin embargo, su trabajo no fue bien recibido por algunos pol\u00edticos locales, quienes le enviaron una amenaza de muerte junto con una bala. A pesar de esto, Moreno no se amedrent\u00f3 y decidi\u00f3 continuar su labor period\u00edstica.<\/p>\n<p>En un video publicado en sus redes sociales, Moreno se dirigi\u00f3 directamente a aquellos que lo amenazaban, asegurando que no lo silenciar\u00edan. \u00abSi me van a matar, m\u00e1tenme. Pero les digo de frente: no me van a silenciar\u00bb, afirm\u00f3 el periodista.<\/p>\n<p>Lamentablemente, Moreno fue asesinado tres horas despu\u00e9s de publicar este video. Un hombre con la cara cubierta entr\u00f3 en el local de comida r\u00e1pida que regentaba el periodista y le dispar\u00f3 tres veces. Moreno muri\u00f3 en el acto.<\/p>\n<p>A pesar de este terrible suceso, la labor de Moreno no qued\u00f3 en vano. El periodista hab\u00eda tomado medidas para proteger su trabajo, salvaguardando sus investigaciones a trav\u00e9s de la red SafeBox Network de Forbidden Stories. Esta red de periodistas busca proteger y continuar el trabajo de reporteros v\u00edctimas de amenazas, y gracias a ella, una treintena de periodistas internacionales han podido tener acceso a los documentos de Moreno y seguir con las investigaciones que \u00e9l hab\u00eda iniciado.<\/p>\n<p>La lucha contra la corrupci\u00f3n y la impunidad en Colombia es una tarea dif\u00edcil y peligrosa, pero es fundamental para la construcci\u00f3n de una sociedad m\u00e1s justa y democr\u00e1tica. La muerte de Rafael Moreno es un recordatorio de la importancia de defender la libertad de prensa y proteger a los periodistas que arriesgan sus vidas para informar al p\u00fablico sobre los abusos de poder y la corrupci\u00f3n en el pa\u00eds. Es necesario que las autoridades colombianas tomen medidas efectivas para garantizar la seguridad de los periodistas y poner fin a la impunidad de los cr\u00edmenes contra ellos.<\/p>\n<p>&nbsp;<\/p>\n<h2>Sus Enemigos<\/h2>\n<p><img fetchpriority=\"high\" decoding=\"async\" class=\"alignnone size-medium wp-image-981\" src=\"https:\/\/www.chivasycronicas.com\/wp-content\/uploads\/2023\/04\/enemigos-225x300.jpg\" alt=\"\" width=\"225\" height=\"300\" \/><\/p>\n<p>La muerte del periodista colombiano Rafael Moreno ha sacudido a la comunidad period\u00edstica del pa\u00eds y ha vuelto a poner de manifiesto los peligros que enfrentan los periodistas que investigan la corrupci\u00f3n y los delitos relacionados con el narcotr\u00e1fico.<\/p>\n<p>Moreno, que hab\u00eda dedicado su carrera a denunciar la corrupci\u00f3n en el departamento de C\u00f3rdoba, en el norte de Colombia, recibi\u00f3 amenazas de muerte antes de ser asesinado en octubre de 2022. A pesar de las amenazas, el periodista no dej\u00f3 de trabajar y continu\u00f3 con sus investigaciones. En una publicaci\u00f3n en sus redes sociales, se dirigi\u00f3 a sus amenazantes y les advirti\u00f3 que no lo silenciar\u00edan.<\/p>\n<p>El m\u00e9todo de Moreno era concienzudo y eficaz: analizaba los contratos de obra p\u00fablica del departamento, visitaba las obras y se entrevistaba con vecinos para comprobar si se hab\u00edan llevado a cabo como estipulaba el contrato, o si se hab\u00edan producido retrasos o irregularidades. Todo ello sin tener formaci\u00f3n acad\u00e9mica como periodista ni haber pasado por ning\u00fan medio de comunicaci\u00f3n tradicional.<\/p>\n<p>En 2018, Moreno fund\u00f3 el medio digital Voces de C\u00f3rdoba, que hoy cuenta con m\u00e1s de 56.000 seguidores y que se centra en el periodismo de investigaci\u00f3n, fundamentalmente en las localidades de San Jos\u00e9 de Ur\u00e9, Puerto Libertador y Montel\u00edbano. La regi\u00f3n en la que operaba el periodista es especialmente peligrosa y est\u00e1 dominada por el Clan del Golfo, uno de los c\u00e1rteles m\u00e1s peligrosos del mundo.<\/p>\n<p>Seg\u00fan la Fundaci\u00f3n para la Libertad de Prensa (FLIP), una organizaci\u00f3n colombiana que hace un seguimiento de los atropellos contra los informadores en el pa\u00eds, Rafael Moreno fue uno de los primeros periodistas que empez\u00f3 a investigar sobre la corrupci\u00f3n en el sur de C\u00f3rdoba. \u00abSu liderazgo period\u00edstico inspir\u00f3 a m\u00e1s colegas, desafi\u00f3 a los poderosos y a los violentos, y lo convirti\u00f3 en una de las voces principales de su regi\u00f3n\u00bb, se\u00f1al\u00f3 la organizaci\u00f3n en un comunicado poco despu\u00e9s de su muerte.<\/p>\n<p>A pesar de la importancia de su trabajo y de la labor que realizaba Moreno para sacar a la luz los casos de corrupci\u00f3n y violencia en la regi\u00f3n, nadie ha sido detenido por su asesinato hasta el momento. La muerte del periodista ha sido una gran p\u00e9rdida para la comunidad period\u00edstica de Colombia y ha demostrado una vez m\u00e1s la importancia de proteger y apoyar a los periodistas que trabajan en contextos de violencia y corrupci\u00f3n.<\/p>\n<h2>\n<p>Clientelismo en el departamento de C\u00f3rdoba<\/h2>\n<p><img decoding=\"async\" class=\"alignnone size-medium wp-image-980 lazyload\" data-src=\"https:\/\/www.chivasycronicas.com\/wp-content\/uploads\/2023\/04\/clientelismo-300x169.jpg\" alt=\"\" width=\"300\" height=\"169\" src=\"data:image\/gif;base64,R0lGODlhAQABAAAAACH5BAEKAAEALAAAAAABAAEAAAICTAEAOw==\" style=\"--smush-placeholder-width: 300px; --smush-placeholder-aspect-ratio: 300\/169;\" \/><\/p>\n<p>El art\u00edculo trata sobre la historia del periodista colombiano Rafael Moreno, quien investig\u00f3 y denunci\u00f3 la corrupci\u00f3n y el clientelismo en el departamento de C\u00f3rdoba, en Colombia. Moreno fund\u00f3 el medio de comunicaci\u00f3n Voces de C\u00f3rdoba y trabaj\u00f3 en una serie de investigaciones que expusieron la corrupci\u00f3n en la administraci\u00f3n local y en las empresas mineras de la regi\u00f3n. Sin embargo, en julio de 2022, Moreno fue asesinado en un restaurante en Monter\u00eda, la capital del departamento de C\u00f3rdoba.<\/p>\n<p>Despu\u00e9s de su muerte, la red de periodistas de Forbidden Stories retom\u00f3 sus investigaciones y descubrieron m\u00e1s irregularidades en la regi\u00f3n. Seg\u00fan la organizaci\u00f3n, la presunta corrupci\u00f3n masiva en C\u00f3rdoba ha revelado un sistema de favoritismo en la adjudicaci\u00f3n de contratos p\u00fablicos y empresas mineras que operan sin permiso, causando da\u00f1os ambientales y a la salud de las poblaciones aleda\u00f1as.<\/p>\n<p>El art\u00edculo tambi\u00e9n se\u00f1ala la violencia letal contra la prensa en Colombia, que ha cobrado la vida de decenas de informadores, dejando un vac\u00edo de informaci\u00f3n all\u00ed donde los periodistas han sido acallados.<\/p>\n<p>&nbsp;<\/p>\n<p>&nbsp;<\/p>\n","protected":false},"excerpt":{"rendered":"<p>El asesinato de un periodista en Colombia: la lucha contra la corrupci\u00f3n y la impunidad La libertad de prensa es uno de los pilares fundamentales de una sociedad democr\u00e1tica y transparente. Sin embargo, en algunos pa\u00edses, el ejercicio de la labor period\u00edstica se convierte en una actividad de alto riesgo, especialmente cuando se trata de [&hellip;]<\/p>\n","protected":false},"author":1,"featured_media":982,"comment_status":"open","ping_status":"open","sticky":false,"template":"","format":"image","meta":{"footnotes":""},"categories":[27],"tags":[312,936,382,53,128,1170,618,1171,1172,294,282,82,1134,499,1166,1138,688,95,1173,552,1174,101],"class_list":["post-979","post","type-post","status-publish","format-image","has-post-thumbnail","hentry","category-la-noticia","tag-amenaza","tag-asesinato","tag-autoridades","tag-colombia","tag-corrupcion","tag-denuncia","tag-derechos-humanos","tag-documentos","tag-forbidden-stories","tag-impunidad","tag-investigacion","tag-justicia","tag-libertad-de-prensa","tag-muerte","tag-periodista","tag-periodistas","tag-politicos","tag-proteccion","tag-rafael-moreno","tag-riesgo","tag-safebox-network","tag-seguridad","post_format-post-format-image"],"views":12,"_links":{"self":[{"href":"https:\/\/chivasycronicas.com\/index.php?rest_route=\/wp\/v2\/posts\/979","targetHints":{"allow":["GET"]}}],"collection":[{"href":"https:\/\/chivasycronicas.com\/index.php?rest_route=\/wp\/v2\/posts"}],"about":[{"href":"https:\/\/chivasycronicas.com\/index.php?rest_route=\/wp\/v2\/types\/post"}],"author":[{"embeddable":true,"href":"https:\/\/chivasycronicas.com\/index.php?rest_route=\/wp\/v2\/users\/1"}],"replies":[{"embeddable":true,"href":"https:\/\/chivasycronicas.com\/index.php?rest_route=%2Fwp%2Fv2%2Fcomments&post=979"}],"version-history":[{"count":0,"href":"https:\/\/chivasycronicas.com\/index.php?rest_route=\/wp\/v2\/posts\/979\/revisions"}],"wp:featuredmedia":[{"embeddable":true,"href":"https:\/\/chivasycronicas.com\/index.php?rest_route=\/"}],"wp:attachment":[{"href":"https:\/\/chivasycronicas.com\/index.php?rest_route=%2Fwp%2Fv2%2Fmedia&parent=979"}],"wp:term":[{"taxonomy":"category","embeddable":true,"href":"https:\/\/chivasycronicas.com\/index.php?rest_route=%2Fwp%2Fv2%2Fcategories&post=979"},{"taxonomy":"post_tag","embeddable":true,"href":"https:\/\/chivasycronicas.com\/index.php?rest_route=%2Fwp%2Fv2%2Ftags&post=979"}],"curies":[{"name":"wp","href":"https:\/\/api.w.org\/{rel}","templated":true}]}}