{"id":984,"date":"2023-04-20T14:58:57","date_gmt":"2023-04-20T19:58:57","guid":{"rendered":"https:\/\/www.chivasycronicas.com\/?p=984"},"modified":"2023-04-20T14:58:57","modified_gmt":"2023-04-20T19:58:57","slug":"maria-elvira-salazar-expresa-preocupacion-por-colombia-despues-de-reunirse-con-el-presidente-petro","status":"publish","type":"post","link":"https:\/\/chivasycronicas.com\/?p=984","title":{"rendered":"Mar\u00eda Elvira Salazar expresa preocupaci\u00f3n por Colombia despu\u00e9s de reunirse con el Presidente Petro"},"content":{"rendered":"<p>Mar\u00eda Elvira Salazar: preocupa situaci\u00f3n en Colombia y la falta de respuestas de Petro presidente de Colombia.<\/p>\n<blockquote class=\"twitter-tweet\">\n<p lang=\"es\" dir=\"ltr\">Acabo de reunirme con el Presidente de Colombia. Como promet\u00ed, le hice muchas preguntas frente a frente y Petro, como todo marxista, no respondi\u00f3. <\/p>\n<p>\u00a1Estoy muy preocupada por mis hermanos colombianos! <a href=\"https:\/\/t.co\/bLT59YyOK7\">pic.twitter.com\/bLT59YyOK7<\/a><\/p>\n<p>&mdash; Mar\u00eda Elvira Salazar \ud83c\uddfa\ud83c\uddf8 (@MaElviraSalazar) <a href=\"https:\/\/twitter.com\/MaElviraSalazar\/status\/1648842788807536641?ref_src=twsrc%5Etfw\">April 20, 2023<\/a><\/p><\/blockquote>\n<p> <script async src=\"https:\/\/platform.twitter.com\/widgets.js\" charset=\"utf-8\"><\/script><\/p>\n<p>La periodista y congresista estadounidense Mar\u00eda Elvira Salazar se reuni\u00f3 recientemente con el presidente de Colombia para discutir la situaci\u00f3n en el pa\u00eds y expresar su preocupaci\u00f3n por la falta de respuestas del candidato presidencial Gustavo Petro.<\/p>\n<p>En una serie de publicaciones en su cuenta de Twitter, Salazar afirm\u00f3 que hizo muchas preguntas al presidente durante su reuni\u00f3n y que Petro, como \u00abtodo marxista\u00bb, no respondi\u00f3.<\/p>\n<p>La situaci\u00f3n en Colombia es cada vez m\u00e1s tensa, con protestas masivas en todo el pa\u00eds en contra del gobierno y las pol\u00edticas econ\u00f3micas. Los manifestantes han denunciado la represi\u00f3n policial y la violencia por parte de grupos armados, y han exigido una reforma estructural para abordar la desigualdad y la corrupci\u00f3n en el pa\u00eds.<\/p>\n<p>Sin embargo, Salazar ha expresado su preocupaci\u00f3n por la influencia de los grupos marxistas en la pol\u00edtica colombiana, y ha criticado a Petro por sus pol\u00edticas de izquierda y su supuesta falta de respuesta a las preguntas que se le han planteado.<\/p>\n<p>La periodista y congresista ha instado a las autoridades colombianas a tomar medidas para garantizar la seguridad de los ciudadanos y proteger sus derechos humanos, y ha pedido una mayor transparencia y responsabilidad en la pol\u00edtica del pa\u00eds.<\/p>\n<p>La situaci\u00f3n en Colombia es compleja y requiere una soluci\u00f3n pac\u00edfica y concertada que aborde las preocupaciones de todos los ciudadanos. La reuni\u00f3n entre Salazar y el presidente es un paso en la direcci\u00f3n correcta para abordar los desaf\u00edos y encontrar soluciones que promuevan la paz, la justicia y la estabilidad en el pa\u00eds.<\/p>\n","protected":false},"excerpt":{"rendered":"<p>Mar\u00eda Elvira Salazar: preocupa situaci\u00f3n en Colombia y la falta de respuestas de Petro presidente de Colombia. Acabo de reunirme con el Presidente de Colombia. Como promet\u00ed, le hice muchas preguntas frente a frente y Petro, como todo marxista, no respondi\u00f3. \u00a1Estoy muy preocupada por mis hermanos colombianos! pic.twitter.com\/bLT59YyOK7 &mdash; Mar\u00eda Elvira Salazar \ud83c\uddfa\ud83c\uddf8 (@MaElviraSalazar) [&hellip;]<\/p>\n","protected":false},"author":2,"featured_media":985,"comment_status":"open","ping_status":"open","sticky":false,"template":"","format":"video","meta":{"footnotes":""},"categories":[27],"tags":[1175,1176,1177,415,1178,341,1179],"class_list":["post-984","post","type-post","status-publish","format-video","has-post-thumbnail","hentry","category-la-noticia","tag-colombianos","tag-maria-elvira-salazar","tag-marxista","tag-petro","tag-preguntas","tag-preocupacion","tag-presidente-de-colombia","post_format-post-format-video"],"views":14,"_links":{"self":[{"href":"https:\/\/chivasycronicas.com\/index.php?rest_route=\/wp\/v2\/posts\/984","targetHints":{"allow":["GET"]}}],"collection":[{"href":"https:\/\/chivasycronicas.com\/index.php?rest_route=\/wp\/v2\/posts"}],"about":[{"href":"https:\/\/chivasycronicas.com\/index.php?rest_route=\/wp\/v2\/types\/post"}],"author":[{"embeddable":true,"href":"https:\/\/chivasycronicas.com\/index.php?rest_route=\/wp\/v2\/users\/2"}],"replies":[{"embeddable":true,"href":"https:\/\/chivasycronicas.com\/index.php?rest_route=%2Fwp%2Fv2%2Fcomments&post=984"}],"version-history":[{"count":0,"href":"https:\/\/chivasycronicas.com\/index.php?rest_route=\/wp\/v2\/posts\/984\/revisions"}],"wp:featuredmedia":[{"embeddable":true,"href":"https:\/\/chivasycronicas.com\/index.php?rest_route=\/"}],"wp:attachment":[{"href":"https:\/\/chivasycronicas.com\/index.php?rest_route=%2Fwp%2Fv2%2Fmedia&parent=984"}],"wp:term":[{"taxonomy":"category","embeddable":true,"href":"https:\/\/chivasycronicas.com\/index.php?rest_route=%2Fwp%2Fv2%2Fcategories&post=984"},{"taxonomy":"post_tag","embeddable":true,"href":"https:\/\/chivasycronicas.com\/index.php?rest_route=%2Fwp%2Fv2%2Ftags&post=984"}],"curies":[{"name":"wp","href":"https:\/\/api.w.org\/{rel}","templated":true}]}}